{"id":2925,"date":"2023-11-22T16:41:22","date_gmt":"2023-11-22T16:41:22","guid":{"rendered":"http:\/\/osvrhbosna.edu.ba\/?p=2925"},"modified":"2023-11-22T16:41:23","modified_gmt":"2023-11-22T16:41:23","slug":"pozivnica-2","status":"publish","type":"post","link":"https:\/\/osvrhbosna.edu.ba\/index.php\/2023\/11\/22\/pozivnica-2\/","title":{"rendered":"Pozivnica"},"content":{"rendered":"\n<div class=\"wp-block-media-text is-stacked-on-mobile\"><figure class=\"wp-block-media-text__media\"><img fetchpriority=\"high\" decoding=\"async\" width=\"1006\" height=\"1024\" src=\"https:\/\/osvrhbosna.edu.ba\/wp-content\/uploads\/2023\/11\/Dan-drzavnosti-1006x1024.jpg\" alt=\"\" class=\"wp-image-2926 size-full\" srcset=\"https:\/\/osvrhbosna.edu.ba\/wp-content\/uploads\/2023\/11\/Dan-drzavnosti-1006x1024.jpg 1006w, https:\/\/osvrhbosna.edu.ba\/wp-content\/uploads\/2023\/11\/Dan-drzavnosti-295x300.jpg 295w, https:\/\/osvrhbosna.edu.ba\/wp-content\/uploads\/2023\/11\/Dan-drzavnosti-768x781.jpg 768w, https:\/\/osvrhbosna.edu.ba\/wp-content\/uploads\/2023\/11\/Dan-drzavnosti-1510x1536.jpg 1510w, https:\/\/osvrhbosna.edu.ba\/wp-content\/uploads\/2023\/11\/Dan-drzavnosti-2013x2048.jpg 2013w\" sizes=\"(max-width: 1006px) 100vw, 1006px\" \/><\/figure><div class=\"wp-block-media-text__content\">\n<p>Sve\u010danost povodom Dana dr\u017eavnosti Bosne i Hercegovine mo\u017eete pratiti u\u017eivo u \u010detvrtak 23.11.2023.godine od 14.00 sati na fb stranici \u0161kole.<\/p>\n<\/div><\/div>\n","protected":false},"excerpt":{"rendered":"<p>Sve\u010danost povodom Dana dr\u017eavnosti Bosne i Hercegovine mo\u017eete pratiti u\u017eivo u \u010detvrtak 23.11.2023.godine od 14.00 sati na fb stranici \u0161kole.<\/p>\n","protected":false},"author":1,"featured_media":2926,"comment_status":"open","ping_status":"open","sticky":true,"template":"","format":"standard","meta":{"footnotes":""},"categories":[16],"tags":[12,13],"class_list":["post-2925","post","type-post","status-publish","format-standard","has-post-thumbnail","hentry","category-prethodne-obavijesti","tag-roditelji","tag-ucenici"],"_links":{"self":[{"href":"https:\/\/osvrhbosna.edu.ba\/index.php\/wp-json\/wp\/v2\/posts\/2925","targetHints":{"allow":["GET"]}}],"collection":[{"href":"https:\/\/osvrhbosna.edu.ba\/index.php\/wp-json\/wp\/v2\/posts"}],"about":[{"href":"https:\/\/osvrhbosna.edu.ba\/index.php\/wp-json\/wp\/v2\/types\/post"}],"author":[{"embeddable":true,"href":"https:\/\/osvrhbosna.edu.ba\/index.php\/wp-json\/wp\/v2\/users\/1"}],"replies":[{"embeddable":true,"href":"https:\/\/osvrhbosna.edu.ba\/index.php\/wp-json\/wp\/v2\/comments?post=2925"}],"version-history":[{"count":1,"href":"https:\/\/osvrhbosna.edu.ba\/index.php\/wp-json\/wp\/v2\/posts\/2925\/revisions"}],"predecessor-version":[{"id":2927,"href":"https:\/\/osvrhbosna.edu.ba\/index.php\/wp-json\/wp\/v2\/posts\/2925\/revisions\/2927"}],"wp:featuredmedia":[{"embeddable":true,"href":"https:\/\/osvrhbosna.edu.ba\/index.php\/wp-json\/wp\/v2\/media\/2926"}],"wp:attachment":[{"href":"https:\/\/osvrhbosna.edu.ba\/index.php\/wp-json\/wp\/v2\/media?parent=2925"}],"wp:term":[{"taxonomy":"category","embeddable":true,"href":"https:\/\/osvrhbosna.edu.ba\/index.php\/wp-json\/wp\/v2\/categories?post=2925"},{"taxonomy":"post_tag","embeddable":true,"href":"https:\/\/osvrhbosna.edu.ba\/index.php\/wp-json\/wp\/v2\/tags?post=2925"}],"curies":[{"name":"wp","href":"https:\/\/api.w.org\/{rel}","templated":true}]}}