{"id":3197,"date":"2024-05-14T22:08:24","date_gmt":"2024-05-14T22:08:24","guid":{"rendered":"http:\/\/osvrhbosna.edu.ba\/?p=3197"},"modified":"2024-05-14T22:08:26","modified_gmt":"2024-05-14T22:08:26","slug":"cestitke-2","status":"publish","type":"post","link":"https:\/\/osvrhbosna.edu.ba\/index.php\/2024\/05\/14\/cestitke-2\/","title":{"rendered":"\u010cESTITKE!"},"content":{"rendered":"\n<p>Ekipa \u0161kole u sastavu: Luna May Adilovi\u0107, Esma \u010can\u010dar, Zejneb Efendi\u0107, Farah Krasni\u0107 i Amina Omeragi\u0107 iz VII-1 razreda osvojila je 2. mjesto na op\u0107inskom takmi\u010denju iz historije. Ekipu je pripremao nastavnik Ajdin Mezit.<\/p>\n\n\n\n<p>\u010cestitamo u\u010denicama i nastavniku na ostvarenom rezultatu.<\/p>\n\n\n\n<figure class=\"wp-block-gallery has-nested-images columns-default is-cropped wp-block-gallery-1 is-layout-flex wp-block-gallery-is-layout-flex\">\n<figure class=\"wp-block-image size-large\"><img fetchpriority=\"high\" decoding=\"async\" width=\"1024\" height=\"768\" data-id=\"3198\" src=\"https:\/\/osvrhbosna.edu.ba\/wp-content\/uploads\/2024\/05\/viber_image_2024-05-08_12-39-40-271-1024x768.jpg\" alt=\"\" class=\"wp-image-3198\" srcset=\"https:\/\/osvrhbosna.edu.ba\/wp-content\/uploads\/2024\/05\/viber_image_2024-05-08_12-39-40-271-1024x768.jpg 1024w, https:\/\/osvrhbosna.edu.ba\/wp-content\/uploads\/2024\/05\/viber_image_2024-05-08_12-39-40-271-300x225.jpg 300w, https:\/\/osvrhbosna.edu.ba\/wp-content\/uploads\/2024\/05\/viber_image_2024-05-08_12-39-40-271-768x576.jpg 768w, https:\/\/osvrhbosna.edu.ba\/wp-content\/uploads\/2024\/05\/viber_image_2024-05-08_12-39-40-271-1536x1152.jpg 1536w, https:\/\/osvrhbosna.edu.ba\/wp-content\/uploads\/2024\/05\/viber_image_2024-05-08_12-39-40-271.jpg 1600w\" sizes=\"(max-width: 1024px) 100vw, 1024px\" \/><\/figure>\n<\/figure>\n","protected":false},"excerpt":{"rendered":"<p>Ekipa \u0161kole u sastavu: Luna May Adilovi\u0107, Esma \u010can\u010dar, Zejneb Efendi\u0107, Farah Krasni\u0107 i Amina Omeragi\u0107 iz VII-1 razreda osvojila je 2. mjesto na op\u0107inskom takmi\u010denju iz historije. Ekipu je pripremao nastavnik Ajdin Mezit. \u010cestitamo u\u010denicama i nastavniku na ostvarenom rezultatu.<\/p>\n","protected":false},"author":1,"featured_media":3198,"comment_status":"closed","ping_status":"closed","sticky":true,"template":"","format":"standard","meta":{"footnotes":""},"categories":[16],"tags":[],"class_list":["post-3197","post","type-post","status-publish","format-standard","has-post-thumbnail","hentry","category-prethodne-obavijesti"],"_links":{"self":[{"href":"https:\/\/osvrhbosna.edu.ba\/index.php\/wp-json\/wp\/v2\/posts\/3197","targetHints":{"allow":["GET"]}}],"collection":[{"href":"https:\/\/osvrhbosna.edu.ba\/index.php\/wp-json\/wp\/v2\/posts"}],"about":[{"href":"https:\/\/osvrhbosna.edu.ba\/index.php\/wp-json\/wp\/v2\/types\/post"}],"author":[{"embeddable":true,"href":"https:\/\/osvrhbosna.edu.ba\/index.php\/wp-json\/wp\/v2\/users\/1"}],"replies":[{"embeddable":true,"href":"https:\/\/osvrhbosna.edu.ba\/index.php\/wp-json\/wp\/v2\/comments?post=3197"}],"version-history":[{"count":1,"href":"https:\/\/osvrhbosna.edu.ba\/index.php\/wp-json\/wp\/v2\/posts\/3197\/revisions"}],"predecessor-version":[{"id":3199,"href":"https:\/\/osvrhbosna.edu.ba\/index.php\/wp-json\/wp\/v2\/posts\/3197\/revisions\/3199"}],"wp:featuredmedia":[{"embeddable":true,"href":"https:\/\/osvrhbosna.edu.ba\/index.php\/wp-json\/wp\/v2\/media\/3198"}],"wp:attachment":[{"href":"https:\/\/osvrhbosna.edu.ba\/index.php\/wp-json\/wp\/v2\/media?parent=3197"}],"wp:term":[{"taxonomy":"category","embeddable":true,"href":"https:\/\/osvrhbosna.edu.ba\/index.php\/wp-json\/wp\/v2\/categories?post=3197"},{"taxonomy":"post_tag","embeddable":true,"href":"https:\/\/osvrhbosna.edu.ba\/index.php\/wp-json\/wp\/v2\/tags?post=3197"}],"curies":[{"name":"wp","href":"https:\/\/api.w.org\/{rel}","templated":true}]}}