{"id":4145,"date":"2026-08-31T22:13:47","date_gmt":"2026-08-31T22:13:47","guid":{"rendered":"https:\/\/osvrhbosna.edu.ba\/?p=4145"},"modified":"2026-08-31T22:13:50","modified_gmt":"2026-08-31T22:13:50","slug":"obavijest-o-pocetku-nastave-2","status":"publish","type":"post","link":"https:\/\/osvrhbosna.edu.ba\/index.php\/2026\/08\/31\/obavijest-o-pocetku-nastave-2\/","title":{"rendered":"Obavijest o po\u010detku nastave"},"content":{"rendered":"\n<p class=\"wp-block-paragraph\"><\/p>\n\n\n\n<p class=\"wp-block-paragraph\">Dragi u\u010denici, po\u0161tovani roditelji,<br>&nbsp; &nbsp; &nbsp; &nbsp; &nbsp; &nbsp; &nbsp; &nbsp; Prvi dan nastave u \u0161kolskoj 2026\/2027. godini je 1. 9. 2026. godine. Organizacija rada za taj dan je sljede\u0107a:<br>\u2022 U 9.00 Sve\u010dani prijem prva\u010di\u0107a<br>\u2022 U 10.00 &nbsp;sati razredna nastava: II-1, III-1, III-2, IV-1, V-1 i V-2<br>\u2022 U 11.00 sati predmetna nastava: VI-1, VII-1, VII-2, VIII-1, VIII-2, IX-1 i IX-2<\/p>\n\n\n\n<p class=\"wp-block-paragraph\">Od 2. 9. 2026. godine, smjene su organizirane po sljede\u0107em rasporedu:<br>Od 8.00 sati razredi: III-1, III-2, IV-1, V-1, V-2,<br>&nbsp; &nbsp; &nbsp; &nbsp; &nbsp; &nbsp; &nbsp; &nbsp; &nbsp; &nbsp; &nbsp; &nbsp; &nbsp; &nbsp; &nbsp; &nbsp; &nbsp;VI-1, VII-1, VII-2, VIII-1, VIII-2, IX-1, IX-2<\/p>\n\n\n\n<p class=\"wp-block-paragraph\">Od 12.25 sati razredi: I-1, II-1<\/p>\n\n\n\n<p class=\"wp-block-paragraph\">Produ\u017eeni boravak radi od 1. 9. 2026. godine od 7.00 sati.<\/p>\n","protected":false},"excerpt":{"rendered":"<p>Dragi u\u010denici, po\u0161tovani roditelji,&nbsp; &nbsp; &nbsp; &nbsp; &nbsp; &nbsp; &nbsp; &nbsp; Prvi dan nastave u \u0161kolskoj 2026\/2027. godini je 1. 9. 2026. godine. Organizacija rada za taj dan je sljede\u0107a:\u2022 U 9.00 Sve\u010dani prijem prva\u010di\u0107a\u2022 U 10.00 &nbsp;sati razredna nastava: II-1, III-1,&#8230;<\/p>\n","protected":false},"author":1,"featured_media":3515,"comment_status":"closed","ping_status":"closed","sticky":false,"template":"","format":"standard","meta":{"footnotes":""},"categories":[16],"tags":[12,13],"class_list":["post-4145","post","type-post","status-publish","format-standard","has-post-thumbnail","hentry","category-prethodne-obavijesti","tag-roditelji","tag-ucenici"],"_links":{"self":[{"href":"https:\/\/osvrhbosna.edu.ba\/index.php\/wp-json\/wp\/v2\/posts\/4145","targetHints":{"allow":["GET"]}}],"collection":[{"href":"https:\/\/osvrhbosna.edu.ba\/index.php\/wp-json\/wp\/v2\/posts"}],"about":[{"href":"https:\/\/osvrhbosna.edu.ba\/index.php\/wp-json\/wp\/v2\/types\/post"}],"author":[{"embeddable":true,"href":"https:\/\/osvrhbosna.edu.ba\/index.php\/wp-json\/wp\/v2\/users\/1"}],"replies":[{"embeddable":true,"href":"https:\/\/osvrhbosna.edu.ba\/index.php\/wp-json\/wp\/v2\/comments?post=4145"}],"version-history":[{"count":1,"href":"https:\/\/osvrhbosna.edu.ba\/index.php\/wp-json\/wp\/v2\/posts\/4145\/revisions"}],"predecessor-version":[{"id":4146,"href":"https:\/\/osvrhbosna.edu.ba\/index.php\/wp-json\/wp\/v2\/posts\/4145\/revisions\/4146"}],"wp:featuredmedia":[{"embeddable":true,"href":"https:\/\/osvrhbosna.edu.ba\/index.php\/wp-json\/wp\/v2\/media\/3515"}],"wp:attachment":[{"href":"https:\/\/osvrhbosna.edu.ba\/index.php\/wp-json\/wp\/v2\/media?parent=4145"}],"wp:term":[{"taxonomy":"category","embeddable":true,"href":"https:\/\/osvrhbosna.edu.ba\/index.php\/wp-json\/wp\/v2\/categories?post=4145"},{"taxonomy":"post_tag","embeddable":true,"href":"https:\/\/osvrhbosna.edu.ba\/index.php\/wp-json\/wp\/v2\/tags?post=4145"}],"curies":[{"name":"wp","href":"https:\/\/api.w.org\/{rel}","templated":true}]}}