{"id":569,"date":"2022-09-05T15:41:46","date_gmt":"2022-09-05T15:41:46","guid":{"rendered":"http:\/\/osvrhbosna.edu.ba\/?p=569"},"modified":"2022-09-05T15:50:39","modified_gmt":"2022-09-05T15:50:39","slug":"javni-poziv","status":"publish","type":"post","link":"https:\/\/osvrhbosna.edu.ba\/index.php\/2022\/09\/05\/javni-poziv\/","title":{"rendered":"JAVNI POZIV"},"content":{"rendered":"\n<p>Uva\u017eeni direktori osnovnih \u0161kola u Op\u0107ini Stari Grad Sarajevo,<\/p>\n\n\n\n<p>obavje\u0161tavamo vas da je Op\u0107inski na\u010delnik Op\u0107ine Stari Grad Sarajevo mr. Ibrahim Had\u017eibajri\u0107 raspisao JAVNI POZIV za podno\u0161enje zahtjeva za dodjelu\/refundaciju nov\u010danih sredstava roditeljima\/starateljima u\u010denika I, II, III i IV razreda osnovnih \u0161kola na podru\u010dju Op\u0107ine Stari Grad Sarajevo za nabavku ud\u017ebenika za \u0161kolsku 2022\/2023. godinu, te vas pozivamo da o istom informi\u0161ete roditelje u\u010denika od I-IV razreda, kao i da Javni poziv objavite na vidnom mjestu u \u0161kolama i na \u0161kolskim web stranicama.<\/p>\n\n\n\n<p>Op\u0107insko vije\u0107e Stari Grad Sarajevo je na danas odr\u017eanoj vanrednoj sjednici donijelo Zaklju\u010dak kojim je ovlastilo op\u0107inskog na\u010delnika za raspisivanje pomenutog javnog poziva.<\/p>\n\n\n\n<p>Op\u0107inski na\u010delnik mr.Ibrahim Had\u017eibajri\u0107 maksimalno je ubrzao procedure kako bi se roditeljima u\u010denika \u0161to prije omogu\u0107ilo da izvr\u0161e kupovinu ud\u017ebenika, a u\u010denici u osnovnim \u0161kolama Starog Grada, od I-IV razreda imali ud\u017ebenike u \u0161to kra\u0107em roku.<\/p>\n\n\n\n<p>Prema uslovima Javnog poziva, pravo na dodjelu\/refundaciju nov\u010danih sredstava za nabavku ud\u017ebenika mogu ostvariti roditelji\/staratelji u\u010denika I, II, III i IV razreda osnovnih \u0161kola na podru\u010dju Op\u0107ine Stari Grad Sarajevo ukoliko:<\/p>\n\n\n\n<p>a)&nbsp;&nbsp;&nbsp;&nbsp;&nbsp;&nbsp;&nbsp;&nbsp;&nbsp;&nbsp;&nbsp; u\u010denici redovno poha\u0111aju jedan od navedenih razreda u osnovnim \u0161kolama na podru\u010dju Op\u0107ine Stari Grad Sarajevo (dokaz o navedenom \u0107e pribaviti Op\u0107ina od strane direktora osnovnih \u0161kola)<\/p>\n\n\n\n<p>b)&nbsp;&nbsp;&nbsp;&nbsp;&nbsp;&nbsp;&nbsp;&nbsp;&nbsp;&nbsp;&nbsp; ukoliko ovo pravo nisu ostvarili po nekom drugom osnovu (dodjela nov\u010danih sredstava za ovu namjenu, dodjela ud\u017ebenika i sl.)<\/p>\n\n\n\n<p>Refundacija tro\u0161kova kupovine ud\u017ebenika ostvarivat \u0107e se na osnovu zahtjeva podnesenih od strane roditelja\/staratelja. Op\u0107ina \u0107e refundirati tro\u0161kove kupovine ud\u017ebenika koji \u0107e se koristiti u \u0161kolskoj 2022\/2023. godini, uplatom na ra\u010dun roditelja\/staratelja, uz prilo\u017eeni dokaz o izvr\u0161enoj kupovini ud\u017ebenika. Refundacija ne obuhvata kupovinu radnih sveski.<\/p>\n\n\n\n<p>Uz zahtjev je neophodno prilo\u017eiti sljede\u0107e dokumente (originale ili ovjerene kopije):<\/p>\n\n\n\n<p>a)&nbsp;&nbsp;&nbsp;&nbsp;&nbsp;&nbsp;&nbsp;&nbsp;&nbsp;&nbsp;&nbsp; Ovjerena izjava podnosioca zahtjeva da ovo pravo u\u010denik nije ostvario po nekom drugom osnovu;<\/p>\n\n\n\n<p>b)&nbsp;&nbsp;&nbsp;&nbsp;&nbsp;&nbsp;&nbsp;&nbsp;&nbsp;&nbsp;&nbsp; Dokaz o izvr\u0161enoj kupovini ud\u017ebenika;<\/p>\n\n\n\n<p>c)&nbsp;&nbsp;&nbsp;&nbsp;&nbsp;&nbsp;&nbsp;&nbsp;&nbsp;&nbsp;&nbsp; \u017diro ra\u010dun roditelja\/staratelja na koji \u0107e sredstva biti upla\u0107ena i<\/p>\n\n\n\n<p>d)&nbsp;&nbsp;&nbsp;&nbsp;&nbsp;&nbsp;&nbsp;&nbsp;&nbsp;&nbsp;&nbsp; CIPS prijavu o mjestu prebivali\u0161ta za roditelja\/staratelja na \u010diji ra\u010dun \u0107e se izvr\u0161iti&nbsp;&nbsp; dodjela\/refundacija nov\u010danih sredstava.<\/p>\n\n\n\n<p>Javni poziv \u0107e biti otvoren 15 (petnaest) dana od dana objave Javnog poziva.<\/p>\n\n\n\n<p>Kompletan tekst javnog poziva, kao i prijavni obrazac mo\u017ee se preuzeti na linku ispod:<\/p>\n\n\n\n<p><a href=\"http:\/\/starigrad.ba\/v2\/vijest.php?id=11747\" target=\"_blank\" rel=\"noreferrer noopener\">http:\/\/starigrad.ba\/v2\/vijest.php?id=11747<\/a><\/p>\n\n\n\n<p>Almedina Por\u010da<\/p>\n\n\n\n<p>Pomo\u0107nica na\u010delnika za odnose s javno\u0161\u0107u i informacioni sistem<\/p>\n\n\n\n<p>Op\u0107ina Stari Grad Sarajevo<\/p>\n\n\n\n<p>Ulica: Zelenih beretki br.4<\/p>\n\n\n\n<p>Tel: 033 282 407<\/p>\n\n\n\n<div class=\"wp-block-buttons is-layout-flex wp-block-buttons-is-layout-flex\">\n<div class=\"wp-block-button is-style-fill\"><a class=\"wp-block-button__link has-white-color has-vivid-green-cyan-background-color has-text-color has-background\" href=\"https:\/\/osvrhbosna.edu.ba\/wp-content\/uploads\/2022\/09\/JP_refundiranje.docx\" target=\"_blank\" rel=\"noreferrer noopener\"><strong>Kompletan tekst javnog poziva<\/strong><\/a><\/div>\n\n\n\n<div class=\"wp-block-button is-style-fill\"><a class=\"wp-block-button__link has-white-color has-vivid-green-cyan-background-color has-text-color has-background\" href=\"https:\/\/osvrhbosna.edu.ba\/wp-content\/uploads\/2022\/09\/Prijavni_obrazac_-finansiranje_UDZBENICI-1.docx\" target=\"_blank\" rel=\"noreferrer noopener\"><strong>Prijavni obrazac<\/strong><\/a><\/div>\n<\/div>\n\n\n\n<p><\/p>\n","protected":false},"excerpt":{"rendered":"<p>Uva\u017eeni direktori osnovnih \u0161kola u Op\u0107ini Stari Grad Sarajevo, obavje\u0161tavamo vas da je Op\u0107inski na\u010delnik Op\u0107ine Stari Grad Sarajevo mr. Ibrahim Had\u017eibajri\u0107 raspisao JAVNI POZIV za podno\u0161enje zahtjeva za dodjelu\/refundaciju nov\u010danih sredstava roditeljima\/starateljima u\u010denika I, II, III i IV razreda osnovnih \u0161kola&#8230;<\/p>\n","protected":false},"author":1,"featured_media":440,"comment_status":"closed","ping_status":"closed","sticky":true,"template":"","format":"standard","meta":{"footnotes":""},"categories":[16],"tags":[21,22,12],"class_list":["post-569","post","type-post","status-publish","format-standard","has-post-thumbnail","hentry","category-prethodne-obavijesti","tag-javni-poziv","tag-opcina","tag-roditelji"],"_links":{"self":[{"href":"https:\/\/osvrhbosna.edu.ba\/index.php\/wp-json\/wp\/v2\/posts\/569","targetHints":{"allow":["GET"]}}],"collection":[{"href":"https:\/\/osvrhbosna.edu.ba\/index.php\/wp-json\/wp\/v2\/posts"}],"about":[{"href":"https:\/\/osvrhbosna.edu.ba\/index.php\/wp-json\/wp\/v2\/types\/post"}],"author":[{"embeddable":true,"href":"https:\/\/osvrhbosna.edu.ba\/index.php\/wp-json\/wp\/v2\/users\/1"}],"replies":[{"embeddable":true,"href":"https:\/\/osvrhbosna.edu.ba\/index.php\/wp-json\/wp\/v2\/comments?post=569"}],"version-history":[{"count":3,"href":"https:\/\/osvrhbosna.edu.ba\/index.php\/wp-json\/wp\/v2\/posts\/569\/revisions"}],"predecessor-version":[{"id":575,"href":"https:\/\/osvrhbosna.edu.ba\/index.php\/wp-json\/wp\/v2\/posts\/569\/revisions\/575"}],"wp:featuredmedia":[{"embeddable":true,"href":"https:\/\/osvrhbosna.edu.ba\/index.php\/wp-json\/wp\/v2\/media\/440"}],"wp:attachment":[{"href":"https:\/\/osvrhbosna.edu.ba\/index.php\/wp-json\/wp\/v2\/media?parent=569"}],"wp:term":[{"taxonomy":"category","embeddable":true,"href":"https:\/\/osvrhbosna.edu.ba\/index.php\/wp-json\/wp\/v2\/categories?post=569"},{"taxonomy":"post_tag","embeddable":true,"href":"https:\/\/osvrhbosna.edu.ba\/index.php\/wp-json\/wp\/v2\/tags?post=569"}],"curies":[{"name":"wp","href":"https:\/\/api.w.org\/{rel}","templated":true}]}}