{"id":807,"date":"2022-10-04T20:09:33","date_gmt":"2022-10-04T20:09:33","guid":{"rendered":"http:\/\/osvrhbosna.edu.ba\/?p=807"},"modified":"2022-10-04T20:09:35","modified_gmt":"2022-10-04T20:09:35","slug":"cestitka-ucenika-skole-povodom-dana-ucitelja","status":"publish","type":"post","link":"https:\/\/osvrhbosna.edu.ba\/index.php\/2022\/10\/04\/cestitka-ucenika-skole-povodom-dana-ucitelja\/","title":{"rendered":"\u010cestitka u\u010denika \u0161kole povodom Dana u\u010ditelja"},"content":{"rendered":"\n<p>Od ideje do realizacije i primjene, naziv je projekta kojim su u\u010denici \u0161kole sa nastavnicama: Jasminkom Plakalo i Amelom Had\u017eo, obilje\u017eili Dan u\u010ditelja. U\u010denici su pokazali da znaju primijeniti korelaciju: likovna kultura, tehni\u010dka kultura, bosanski jezik i knji\u017eevnost, kreativnost: izra\u0111ivati razli\u010dite predmete od recikliranog materijala, te primjenjivati kriti\u010dko mi\u0161ljenje, kojim su, na osnovu \u010destitki i mudrih misli, svim u\u010diteljima \u0161kole \u010destitali ovaj zna\u010dajni datum. Uloga u\u010ditelja u u\u010deni\u010dkom \u017eivotu je ogromna kao i empatija i zahvalnost u\u010denika prema onome \u0161to u\u010ditelji rade za njih.<\/p>\n\n\n\n<figure class=\"wp-block-gallery has-nested-images columns-default is-cropped wp-block-gallery-1 is-layout-flex wp-block-gallery-is-layout-flex\">\n<figure class=\"wp-block-image size-large\"><img fetchpriority=\"high\" decoding=\"async\" width=\"1600\" height=\"1200\" data-id=\"811\" src=\"https:\/\/osvrhbosna.edu.ba\/wp-content\/uploads\/2022\/10\/3.jpg\" alt=\"\" class=\"wp-image-811\" srcset=\"https:\/\/osvrhbosna.edu.ba\/wp-content\/uploads\/2022\/10\/3.jpg 1600w, https:\/\/osvrhbosna.edu.ba\/wp-content\/uploads\/2022\/10\/3-300x225.jpg 300w, https:\/\/osvrhbosna.edu.ba\/wp-content\/uploads\/2022\/10\/3-1024x768.jpg 1024w, https:\/\/osvrhbosna.edu.ba\/wp-content\/uploads\/2022\/10\/3-768x576.jpg 768w, https:\/\/osvrhbosna.edu.ba\/wp-content\/uploads\/2022\/10\/3-1536x1152.jpg 1536w\" sizes=\"(max-width: 1600px) 100vw, 1600px\" \/><\/figure>\n\n\n\n<figure class=\"wp-block-image size-large\"><img decoding=\"async\" width=\"1600\" height=\"1200\" data-id=\"810\" src=\"https:\/\/osvrhbosna.edu.ba\/wp-content\/uploads\/2022\/10\/2.jpg\" alt=\"\" class=\"wp-image-810\" srcset=\"https:\/\/osvrhbosna.edu.ba\/wp-content\/uploads\/2022\/10\/2.jpg 1600w, https:\/\/osvrhbosna.edu.ba\/wp-content\/uploads\/2022\/10\/2-300x225.jpg 300w, https:\/\/osvrhbosna.edu.ba\/wp-content\/uploads\/2022\/10\/2-1024x768.jpg 1024w, https:\/\/osvrhbosna.edu.ba\/wp-content\/uploads\/2022\/10\/2-768x576.jpg 768w, https:\/\/osvrhbosna.edu.ba\/wp-content\/uploads\/2022\/10\/2-1536x1152.jpg 1536w\" sizes=\"(max-width: 1600px) 100vw, 1600px\" \/><\/figure>\n\n\n\n<figure class=\"wp-block-image size-large\"><img decoding=\"async\" width=\"1600\" height=\"1200\" data-id=\"809\" src=\"https:\/\/osvrhbosna.edu.ba\/wp-content\/uploads\/2022\/10\/1.jpg\" alt=\"\" class=\"wp-image-809\" srcset=\"https:\/\/osvrhbosna.edu.ba\/wp-content\/uploads\/2022\/10\/1.jpg 1600w, https:\/\/osvrhbosna.edu.ba\/wp-content\/uploads\/2022\/10\/1-300x225.jpg 300w, https:\/\/osvrhbosna.edu.ba\/wp-content\/uploads\/2022\/10\/1-1024x768.jpg 1024w, https:\/\/osvrhbosna.edu.ba\/wp-content\/uploads\/2022\/10\/1-768x576.jpg 768w, https:\/\/osvrhbosna.edu.ba\/wp-content\/uploads\/2022\/10\/1-1536x1152.jpg 1536w\" sizes=\"(max-width: 1600px) 100vw, 1600px\" \/><\/figure>\n\n\n\n<figure class=\"wp-block-image size-large\"><img loading=\"lazy\" decoding=\"async\" width=\"1600\" height=\"1200\" data-id=\"808\" src=\"https:\/\/osvrhbosna.edu.ba\/wp-content\/uploads\/2022\/10\/4.jpg\" alt=\"\" class=\"wp-image-808\" srcset=\"https:\/\/osvrhbosna.edu.ba\/wp-content\/uploads\/2022\/10\/4.jpg 1600w, https:\/\/osvrhbosna.edu.ba\/wp-content\/uploads\/2022\/10\/4-300x225.jpg 300w, https:\/\/osvrhbosna.edu.ba\/wp-content\/uploads\/2022\/10\/4-1024x768.jpg 1024w, https:\/\/osvrhbosna.edu.ba\/wp-content\/uploads\/2022\/10\/4-768x576.jpg 768w, https:\/\/osvrhbosna.edu.ba\/wp-content\/uploads\/2022\/10\/4-1536x1152.jpg 1536w\" sizes=\"(max-width: 1600px) 100vw, 1600px\" \/><\/figure>\n<\/figure>\n","protected":false},"excerpt":{"rendered":"<p>Od ideje do realizacije i primjene, naziv je projekta kojim su u\u010denici \u0161kole sa nastavnicama: Jasminkom Plakalo i Amelom Had\u017eo, obilje\u017eili Dan u\u010ditelja. U\u010denici su pokazali da znaju primijeniti korelaciju: likovna kultura, tehni\u010dka kultura, bosanski jezik i knji\u017eevnost, kreativnost: izra\u0111ivati razli\u010dite predmete&#8230;<\/p>\n","protected":false},"author":1,"featured_media":440,"comment_status":"closed","ping_status":"closed","sticky":true,"template":"","format":"standard","meta":{"footnotes":""},"categories":[16],"tags":[19,13],"class_list":["post-807","post","type-post","status-publish","format-standard","has-post-thumbnail","hentry","category-prethodne-obavijesti","tag-galerija","tag-ucenici"],"_links":{"self":[{"href":"https:\/\/osvrhbosna.edu.ba\/index.php\/wp-json\/wp\/v2\/posts\/807","targetHints":{"allow":["GET"]}}],"collection":[{"href":"https:\/\/osvrhbosna.edu.ba\/index.php\/wp-json\/wp\/v2\/posts"}],"about":[{"href":"https:\/\/osvrhbosna.edu.ba\/index.php\/wp-json\/wp\/v2\/types\/post"}],"author":[{"embeddable":true,"href":"https:\/\/osvrhbosna.edu.ba\/index.php\/wp-json\/wp\/v2\/users\/1"}],"replies":[{"embeddable":true,"href":"https:\/\/osvrhbosna.edu.ba\/index.php\/wp-json\/wp\/v2\/comments?post=807"}],"version-history":[{"count":1,"href":"https:\/\/osvrhbosna.edu.ba\/index.php\/wp-json\/wp\/v2\/posts\/807\/revisions"}],"predecessor-version":[{"id":812,"href":"https:\/\/osvrhbosna.edu.ba\/index.php\/wp-json\/wp\/v2\/posts\/807\/revisions\/812"}],"wp:featuredmedia":[{"embeddable":true,"href":"https:\/\/osvrhbosna.edu.ba\/index.php\/wp-json\/wp\/v2\/media\/440"}],"wp:attachment":[{"href":"https:\/\/osvrhbosna.edu.ba\/index.php\/wp-json\/wp\/v2\/media?parent=807"}],"wp:term":[{"taxonomy":"category","embeddable":true,"href":"https:\/\/osvrhbosna.edu.ba\/index.php\/wp-json\/wp\/v2\/categories?post=807"},{"taxonomy":"post_tag","embeddable":true,"href":"https:\/\/osvrhbosna.edu.ba\/index.php\/wp-json\/wp\/v2\/tags?post=807"}],"curies":[{"name":"wp","href":"https:\/\/api.w.org\/{rel}","templated":true}]}}